{"id":5441,"date":"2024-05-18T21:14:00","date_gmt":"2024-05-18T19:14:00","guid":{"rendered":"https:\/\/ecole-nda-landeda.fr\/?p=5441"},"modified":"2024-10-18T21:17:41","modified_gmt":"2024-10-18T19:17:41","slug":"abecedaire-de-la-langue-des-signes","status":"publish","type":"post","link":"https:\/\/ecole-nda-landeda.fr\/?p=5441","title":{"rendered":"Ab\u00e9c\u00e9daire de la langue des signes"},"content":{"rendered":"\n\n[et_pb_section fb_built=&#8221;1&#8243; theme_builder_area=&#8221;post_content&#8221; _builder_version=&#8221;4.14.8&#8243; _module_preset=&#8221;default&#8221;][et_pb_row _builder_version=&#8221;4.14.8&#8243; _module_preset=&#8221;default&#8221; theme_builder_area=&#8221;post_content&#8221;][et_pb_column _builder_version=&#8221;4.14.8&#8243; _module_preset=&#8221;default&#8221; type=&#8221;4_4&#8243; theme_builder_area=&#8221;post_content&#8221;][et_pb_text _builder_version=&#8221;4.14.8&#8243; _module_preset=&#8221;default&#8221; theme_builder_area=&#8221;post_content&#8221; hover_enabled=&#8221;0&#8243; sticky_enabled=&#8221;0&#8243;]<p>Voici la vid\u00e9o de l&#8217;ab\u00e9c\u00e9daire r\u00e9alis\u00e9 par les CM1-CM2.\u00a0<\/p>[\/et_pb_text][\/et_pb_column][\/et_pb_row][\/et_pb_section][et_pb_section fb_built=&#8221;1&#8243; theme_builder_area=&#8221;post_content&#8221; _builder_version=&#8221;4.14.8&#8243; _module_preset=&#8221;default&#8221;][et_pb_row _builder_version=&#8221;4.14.8&#8243; _module_preset=&#8221;default&#8221; theme_builder_area=&#8221;post_content&#8221;][et_pb_column _builder_version=&#8221;4.14.8&#8243; _module_preset=&#8221;default&#8221; type=&#8221;4_4&#8243; theme_builder_area=&#8221;post_content&#8221;][et_pb_video _builder_version=&#8221;4.14.8&#8243; _module_preset=&#8221;default&#8221; theme_builder_area=&#8221;post_content&#8221; title_text=&#8221;Langue des signes&#8221; src_webm=&#8221;http:\/\/ecole-nda-landeda.fr\/wp-content\/uploads\/2024\/10\/Langue-des-signes.mov&#8221; hover_enabled=&#8221;0&#8243; sticky_enabled=&#8221;0&#8243;][\/et_pb_video][\/et_pb_column][\/et_pb_row][\/et_pb_section]\n\n","protected":false},"excerpt":{"rendered":"<p>Voici la vid\u00e9o de l&#8217;ab\u00e9c\u00e9daire r\u00e9alis\u00e9 par les CM1-CM2.\u00a0<\/p>\n","protected":false},"author":1,"featured_media":0,"comment_status":"closed","ping_status":"open","sticky":false,"template":"","format":"standard","meta":{"_et_pb_use_builder":"on","_et_pb_old_content":"","_et_gb_content_width":""},"categories":[3],"tags":[],"_links":{"self":[{"href":"https:\/\/ecole-nda-landeda.fr\/index.php?rest_route=\/wp\/v2\/posts\/5441"}],"collection":[{"href":"https:\/\/ecole-nda-landeda.fr\/index.php?rest_route=\/wp\/v2\/posts"}],"about":[{"href":"https:\/\/ecole-nda-landeda.fr\/index.php?rest_route=\/wp\/v2\/types\/post"}],"author":[{"embeddable":true,"href":"https:\/\/ecole-nda-landeda.fr\/index.php?rest_route=\/wp\/v2\/users\/1"}],"replies":[{"embeddable":true,"href":"https:\/\/ecole-nda-landeda.fr\/index.php?rest_route=%2Fwp%2Fv2%2Fcomments&post=5441"}],"version-history":[{"count":3,"href":"https:\/\/ecole-nda-landeda.fr\/index.php?rest_route=\/wp\/v2\/posts\/5441\/revisions"}],"predecessor-version":[{"id":5445,"href":"https:\/\/ecole-nda-landeda.fr\/index.php?rest_route=\/wp\/v2\/posts\/5441\/revisions\/5445"}],"wp:attachment":[{"href":"https:\/\/ecole-nda-landeda.fr\/index.php?rest_route=%2Fwp%2Fv2%2Fmedia&parent=5441"}],"wp:term":[{"taxonomy":"category","embeddable":true,"href":"https:\/\/ecole-nda-landeda.fr\/index.php?rest_route=%2Fwp%2Fv2%2Fcategories&post=5441"},{"taxonomy":"post_tag","embeddable":true,"href":"https:\/\/ecole-nda-landeda.fr\/index.php?rest_route=%2Fwp%2Fv2%2Ftags&post=5441"}],"curies":[{"name":"wp","href":"https:\/\/api.w.org\/{rel}","templated":true}]}}