{"id":5750,"date":"2026-01-23T16:01:04","date_gmt":"2026-01-23T15:01:04","guid":{"rendered":"https:\/\/ecole-nda-landeda.fr\/?p=5750"},"modified":"2026-01-23T16:01:05","modified_gmt":"2026-01-23T15:01:05","slug":"poesie-et-rap-en-cm","status":"publish","type":"post","link":"https:\/\/ecole-nda-landeda.fr\/?p=5750","title":{"rendered":"Po\u00e9sie et rap en CM"},"content":{"rendered":"\n[et_pb_section fb_built=&#8221;1&#8243; _builder_version=&#8221;4.14.8&#8243; _module_preset=&#8221;default&#8221; global_colors_info=&#8221;{}&#8221;][et_pb_row _builder_version=&#8221;4.14.8&#8243; _module_preset=&#8221;default&#8221; global_colors_info=&#8221;{}&#8221;][et_pb_column type=&#8221;4_4&#8243; _builder_version=&#8221;4.14.8&#8243; _module_preset=&#8221;default&#8221; global_colors_info=&#8221;{}&#8221;][et_pb_text _builder_version=&#8221;4.14.8&#8243; _module_preset=&#8221;default&#8221; global_colors_info=&#8221;{}&#8221;]<p>Lors d&#8217;une visite \u00e0 la m\u00e9diath\u00e8que, les \u00e9l\u00e8ves de CM1-CM2 ont d\u00e9couvert le lien entre po\u00e9sie et rap avec Marie, Ils ont emprunt\u00e9 des ouvrages de po\u00e9sie et ont choisi un po\u00e8me pour se plier \u00e0 l&#8217;exercice.\u00a0<\/p>\n<p>Voici leurs productions \u00e0 \u00e9couter ci-dessous.\u00a0<\/p>\n<p>Un grand bravo \u00e0 tous !\u00a0<\/p>\n<p>&nbsp;<\/p>[\/et_pb_text][\/et_pb_column][\/et_pb_row][et_pb_row _builder_version=&#8221;4.14.8&#8243; _module_preset=&#8221;default&#8221; column_structure=&#8221;1_4,1_4,1_4,1_4&#8243;][et_pb_column _builder_version=&#8221;4.14.8&#8243; _module_preset=&#8221;default&#8221; type=&#8221;1_4&#8243;][et_pb_audio title=&#8221;Si tu m&#8217;entends &#8211; Zaro Weil&#8221; artist_name=&#8221;Candice, Ambre et Nina&#8221; _builder_version=&#8221;4.14.8&#8243; _module_preset=&#8221;default&#8221; hover_enabled=&#8221;0&#8243; sticky_enabled=&#8221;0&#8243; title_text=&#8221;Si tu m\u2019entends &#8211; Zaro Weil &#8211; Nina, Candice et Ambre &#8211; Copie&#8221; audio=&#8221;http:\/\/ecole-nda-landeda.fr\/wp-content\/uploads\/2026\/01\/Si-tu-mentends-Zaro-Weil-Nina-Candice-et-Ambre-Copie.m4a&#8221;][\/et_pb_audio][\/et_pb_column][et_pb_column _builder_version=&#8221;4.14.8&#8243; _module_preset=&#8221;default&#8221; type=&#8221;1_4&#8243;][et_pb_audio title=&#8221;Sans faute &#8211; Jacques Pr\u00e9vert&#8221; artist_name=&#8221;Louane, Clarys et Cl\u00e9ment&#8221; _builder_version=&#8221;4.14.8&#8243; _module_preset=&#8221;default&#8221; hover_enabled=&#8221;0&#8243; sticky_enabled=&#8221;0&#8243; title_text=&#8221;Sans faute &#8211; Jacques Prevert &#8211; Louane, Clarys et Cle\u0301ment&#8221; audio=&#8221;http:\/\/ecole-nda-landeda.fr\/wp-content\/uploads\/2026\/01\/Sans-faute-Jacques-Prevert-Louane-Clarys-et-Cle\u0301ment-1.m4a&#8221;][\/et_pb_audio][\/et_pb_column][et_pb_column _builder_version=&#8221;4.14.8&#8243; _module_preset=&#8221;default&#8221; type=&#8221;1_4&#8243;][et_pb_audio title=&#8221;Mignonne souris blanche &#8211; Maurice Car\u00eame&#8221; artist_name=&#8221;Lucien et Tom&#8221; _builder_version=&#8221;4.14.8&#8243; _module_preset=&#8221;default&#8221; hover_enabled=&#8221;0&#8243; sticky_enabled=&#8221;0&#8243; title_text=&#8221;Mignonne souris blanche &#8211; Maurice Care\u0302me &#8211; Lucien et Tom&#8221; audio=&#8221;http:\/\/ecole-nda-landeda.fr\/wp-content\/uploads\/2026\/01\/Mignonne-souris-blanche-Maurice-Care\u0302me-Lucien-et-Tom-1.m4a&#8221;][\/et_pb_audio][\/et_pb_column][et_pb_column _builder_version=&#8221;4.14.8&#8243; _module_preset=&#8221;default&#8221; type=&#8221;1_4&#8243;][et_pb_audio title=&#8221;Le bonheur &#8211; Maurice Car\u00eame&#8221; artist_name=&#8221;Arthur, Valentin et Ya\u00ebl&#8221; _builder_version=&#8221;4.14.8&#8243; _module_preset=&#8221;default&#8221; hover_enabled=&#8221;0&#8243; sticky_enabled=&#8221;0&#8243; title_text=&#8221;Le bonheur &#8211; Maurice Care\u0302me &#8211; Arthur, Valentin et Yae\u0308l&#8221; audio=&#8221;http:\/\/ecole-nda-landeda.fr\/wp-content\/uploads\/2026\/01\/Le-bonheur-Maurice-Care\u0302me-Arthur-Valentin-et-Yae\u0308l-1.m4a&#8221;][\/et_pb_audio][\/et_pb_column][\/et_pb_row][\/et_pb_section][et_pb_section fb_built=&#8221;1&#8243; theme_builder_area=&#8221;post_content&#8221; _builder_version=&#8221;4.14.8&#8243; _module_preset=&#8221;default&#8221;][et_pb_row _builder_version=&#8221;4.14.8&#8243; _module_preset=&#8221;default&#8221; column_structure=&#8221;1_3,1_3,1_3&#8243; theme_builder_area=&#8221;post_content&#8221;][et_pb_column _builder_version=&#8221;4.14.8&#8243; _module_preset=&#8221;default&#8221; type=&#8221;1_3&#8243; theme_builder_area=&#8221;post_content&#8221;][et_pb_audio title=&#8221;La petite ch\u00e9rie &#8211; Paul Eluard&#8221; artist_name=&#8221;Lysiane, L\u00e9o, Th\u00e9o&#8221; _builder_version=&#8221;4.14.8&#8243; _module_preset=&#8221;default&#8221; theme_builder_area=&#8221;post_content&#8221; hover_enabled=&#8221;0&#8243; sticky_enabled=&#8221;0&#8243; title_text=&#8221;La petite che\u0301rie &#8211; Paul Eluard &#8211; Lysiane, Le\u0301o et The\u0301o&#8221; audio=&#8221;http:\/\/ecole-nda-landeda.fr\/wp-content\/uploads\/2026\/01\/La-petite-che\u0301rie-Paul-Eluard-Lysiane-Le\u0301o-et-The\u0301o.m4a&#8221;][\/et_pb_audio][\/et_pb_column][et_pb_column _builder_version=&#8221;4.14.8&#8243; _module_preset=&#8221;default&#8221; type=&#8221;1_3&#8243; theme_builder_area=&#8221;post_content&#8221;][et_pb_audio title=&#8221;L&#8217;innocence du village &#8211; Maurice Car\u00eame&#8221; artist_name=&#8221;Eden, Sasha et Soen&#8221; _builder_version=&#8221;4.14.8&#8243; _module_preset=&#8221;default&#8221; theme_builder_area=&#8221;post_content&#8221; hover_enabled=&#8221;0&#8243; sticky_enabled=&#8221;0&#8243; title_text=&#8221;L\u2019innocence du village &#8211; Maurice Care\u0302me &#8211; Eden, Sasha et Soen&#8221; audio=&#8221;http:\/\/ecole-nda-landeda.fr\/wp-content\/uploads\/2026\/01\/Linnocence-du-village-Maurice-Care\u0302me-Eden-Sasha-et-Soen.m4a&#8221;][\/et_pb_audio][\/et_pb_column][et_pb_column _builder_version=&#8221;4.14.8&#8243; _module_preset=&#8221;default&#8221; type=&#8221;1_3&#8243; theme_builder_area=&#8221;post_content&#8221;][et_pb_audio title=&#8221;Dans le jardin &#8211; Paul Eluard&#8221; artist_name=&#8221;Ulysse, Nael et Thibault&#8221; _builder_version=&#8221;4.14.8&#8243; _module_preset=&#8221;default&#8221; theme_builder_area=&#8221;post_content&#8221; hover_enabled=&#8221;0&#8243; sticky_enabled=&#8221;0&#8243; title_text=&#8221;Dans le jardin &#8211; Paul Eluard &#8211; Thibault, Ulysse et Nael&#8221; audio=&#8221;http:\/\/ecole-nda-landeda.fr\/wp-content\/uploads\/2026\/01\/Dans-le-jardin-Paul-Eluard-Thibault-Ulysse-et-Nael.m4a&#8221;][\/et_pb_audio][\/et_pb_column][\/et_pb_row][\/et_pb_section]\n","protected":false},"excerpt":{"rendered":"<p>Lors d&#8217;une visite \u00e0 la m\u00e9diath\u00e8que, les \u00e9l\u00e8ves de CM1-CM2 ont d\u00e9couvert le lien entre po\u00e9sie et rap avec Marie, Ils ont emprunt\u00e9 des ouvrages de po\u00e9sie et ont choisi un po\u00e8me pour se plier \u00e0 l&#8217;exercice.\u00a0 Voici leurs productions \u00e0 \u00e9couter ci-dessous.\u00a0 Un grand bravo \u00e0 tous !\u00a0 &nbsp;<\/p>\n","protected":false},"author":1,"featured_media":0,"comment_status":"closed","ping_status":"open","sticky":false,"template":"","format":"standard","meta":{"_et_pb_use_builder":"on","_et_pb_old_content":"","_et_gb_content_width":""},"categories":[3],"tags":[],"_links":{"self":[{"href":"https:\/\/ecole-nda-landeda.fr\/index.php?rest_route=\/wp\/v2\/posts\/5750"}],"collection":[{"href":"https:\/\/ecole-nda-landeda.fr\/index.php?rest_route=\/wp\/v2\/posts"}],"about":[{"href":"https:\/\/ecole-nda-landeda.fr\/index.php?rest_route=\/wp\/v2\/types\/post"}],"author":[{"embeddable":true,"href":"https:\/\/ecole-nda-landeda.fr\/index.php?rest_route=\/wp\/v2\/users\/1"}],"replies":[{"embeddable":true,"href":"https:\/\/ecole-nda-landeda.fr\/index.php?rest_route=%2Fwp%2Fv2%2Fcomments&post=5750"}],"version-history":[{"count":4,"href":"https:\/\/ecole-nda-landeda.fr\/index.php?rest_route=\/wp\/v2\/posts\/5750\/revisions"}],"predecessor-version":[{"id":5767,"href":"https:\/\/ecole-nda-landeda.fr\/index.php?rest_route=\/wp\/v2\/posts\/5750\/revisions\/5767"}],"wp:attachment":[{"href":"https:\/\/ecole-nda-landeda.fr\/index.php?rest_route=%2Fwp%2Fv2%2Fmedia&parent=5750"}],"wp:term":[{"taxonomy":"category","embeddable":true,"href":"https:\/\/ecole-nda-landeda.fr\/index.php?rest_route=%2Fwp%2Fv2%2Fcategories&post=5750"},{"taxonomy":"post_tag","embeddable":true,"href":"https:\/\/ecole-nda-landeda.fr\/index.php?rest_route=%2Fwp%2Fv2%2Ftags&post=5750"}],"curies":[{"name":"wp","href":"https:\/\/api.w.org\/{rel}","templated":true}]}}